{"id":44014,"date":"2025-06-02T08:03:00","date_gmt":"2025-06-02T06:03:00","guid":{"rendered":"https:\/\/www.flexus.de\/?p=44014"},"modified":"2025-06-02T08:03:00","modified_gmt":"2025-06-02T06:03:00","slug":"anpassung-des-lagerverwaltungsmonitors-im-ewm-teil-1","status":"publish","type":"post","link":"http:\/\/s523026439.online.de\/es\/anpassung-des-lagerverwaltungsmonitors-im-ewm-teil-1\/","title":{"rendered":"Anpassung des Lagerverwaltungsmonitors im EWM \u2013 Teil 1"},"content":{"rendered":"<div style=\"height:20px\" aria-hidden=\"true\" class=\"wp-block-spacer\"><\/div>\n\n\n\n<p>Der Lagerverwaltungsmonitor (kurz auch LVM genannt) in <a href=\"http:\/\/s523026439.online.de\/es\/sap-ewm\/\">SAP Extended Warehouse Management (EWM<\/a>) ist ein zentrales Werkzeug zur \u00dcberwachung und Steuerung von Lagerprozessen. Standardm\u00e4\u00dfig bietet SAP eine Vielzahl von M\u00f6glichkeiten zur Analyse und Steuerung von Lagerbewegungen, doch oft sind Anpassungen notwendig, um den individuellen Anforderungen gerecht zu werden \u2013 und um den Lagermonitor so effizient und sinnvoll wie m\u00f6glich zu nutzen. Viele Funktionen werden meist nicht ben\u00f6tigt, w\u00e4hrend andere Einstellungen dauerhaft eingerichtet werden sollten.<\/p>\n\n\n\n<p>In diesem Beitrag zeigen wir, wie Sie z. B. Knoten ein- und ausblenden, die selektierten Tabellen anpassen und Layouts abspeichern k\u00f6nnen. Einen grundlegenden \u00dcberblick zum Aufbau und den Funktionen finden Sie in unserem Beitrag \u201e<a href=\"http:\/\/s523026439.online.de\/es\/blog\/einfuehrung-in-den-lagerverwaltungsmonitor-in-sap-ewm\/\">Einf\u00fchrung in den Lagerverwaltungsmonitor in SAP EWM<\/a>\u201c.<\/p>\n\n\n\n<h2 class=\"wp-block-heading\" id=\"h-knoten-im-monitor-ein-oder-ausblenden\">Knoten im Monitor ein- oder ausblenden<\/h2>\n\n\n\n<p>Beginnen wir mit einer der einfachsten Anpassungen: das Ein- und Ausblenden von Knoten im LVM. Der Monitor umfasst unz\u00e4hlige Knoten, wobei selten alle ben\u00f6tigt werden. Ist absehbar, welche ein Mitarbeiter im Alltag ben\u00f6tigt, kann der Rest ausgeblendet werden. Der LVM wird dadurch deutlich \u00fcbersichtlicher. Knoten k\u00f6nnen auch ganz einfach wieder eingeblendet werden, sollten sie doch wieder ben\u00f6tigt werden. So geht\u2019s:<\/p>\n\n\n<style>.kb-image44014_0fb19b-66 .kb-image-has-overlay:after{opacity:0.3;}<\/style>\n<div class=\"wp-block-kadence-image kb-image44014_0fb19b-66\"><figure class=\"aligncenter size-large\"><a href=\"http:\/\/s523026439.online.de\/wp-content\/uploads\/2025\/05\/1_Knoten-im-LVM-aus-und-einblenden-scaled.webp\" class=\"kb-advanced-image-link\"><img decoding=\"async\" src=\"http:\/\/s523026439.online.de\/wp-content\/uploads\/2025\/05\/1_Knoten-im-LVM-aus-und-einblenden-1024x542.webp\" alt=\"Anpassung Lagerverwaltungsmonitor: Knoten im LVM aus- und einblenden\" class=\"kb-img wp-image-44019\"\/><\/a><figcaption>Knoten aus- und einblenden<\/figcaption><\/figure><\/div>\n\n\n\n<h2 class=\"wp-block-heading\" id=\"h-spalten-in-den-selektierten-tabellen-anpassen\">Spalten in den selektierten Tabellen anpassen<\/h2>\n\n\n\n<p>Die Tabellenansicht nach der Selektion kann im Lagerverwaltungsmonitor individuell angepasst werden. Es k\u00f6nnen Spalten hinzugef\u00fcgt, entfernt oder anders sortiert werden. In den Tabellen werden viele Spalten angezeigt, die h\u00e4ufig gar nicht ben\u00f6tigt oder gef\u00fcllt werden. Zudem werden teils relevante Spalten ganz am Ende der Tabelle angezeigt, sodass diese erst gesucht werden m\u00fcssen. Dies ist vermeidbar, indem unn\u00f6tige Spalten ausgeblendet und relevante Spalten nach vorne gezogen werden.<\/p>\n\n\n\n<p>Klicken Sie dazu oberhalb der Tabelle den Button \u201eLayout ausw\u00e4hlen\u2026\u201c an und w\u00e4hlen dort &nbsp;\u201eLayout \u00e4ndern\u201c aus (siehe nachfolgende Abbildung unter &#8222;Spalteninhalte sortieren, summieren und filtern&#8220;). Nun befinden sich links die aktuell angezeigten und rechts die ausgeblendeten Spalten des Spaltenvorrats. Spalten k\u00f6nnen dort ausgew\u00e4hlt und \u00fcber die Buttons in der Mitte aus- oder eingeblendet werden. Die Reihenfolge der angezeigten Spalten ist links oberhalb der Liste anpassbar. Das so erstellte Layout kann dann auch gesichert werden (siehe Abschnitt \u201eLayouts speichern\u201c).<\/p>\n\n\n\n<h2 class=\"wp-block-heading\" id=\"h-spalteninhalte-sortieren-summieren-und-filtern\">Spalteninhalte sortieren, summieren und filtern <\/h2>\n\n\n\n<p>Die einzelnen Spalten der Tabellen k\u00f6nnen zudem z. B. aufsummiert (im Beispiel wurden Lagerpl\u00e4tze mit deren Gewicht aufsummiert), sortiert (danach wurden die Pl\u00e4tze nach Gewicht absteigend sortiert) oder auch gefiltert werden (z. B. wann diese das letzte Mal gez\u00e4hlt wurden). Es ist empfehlenswert, die Funktionalit\u00e4t selbst einmal auszuprobieren.<\/p>\n\n\n<style>.kb-image44014_2abc14-43 .kb-image-has-overlay:after{opacity:0.3;}<\/style>\n<div class=\"wp-block-kadence-image kb-image44014_2abc14-43\"><figure class=\"aligncenter size-full\"><a href=\"http:\/\/s523026439.online.de\/wp-content\/uploads\/2025\/05\/2_Tabellen-anpassen-scaled.webp\" class=\"kb-advanced-image-link\"><img decoding=\"async\" src=\"http:\/\/s523026439.online.de\/wp-content\/uploads\/2025\/05\/2_Tabellen-anpassen-scaled.webp\" alt=\"Tabellen im LVM anpassen\" class=\"kb-img wp-image-44021\"\/><\/a><figcaption>Tabellen anpassen<\/figcaption><\/figure><\/div>\n\n\n\n<h2 class=\"wp-block-heading\" id=\"h-layouts-speichern\">Layouts speichern<\/h2>\n\n\n\n<p>Entsprechende Anpassungen an den Tabellen k\u00f6nnen auch als Layout f\u00fcr sp\u00e4tere Aufrufe oder als neuer Default bei allen folgenden Aufrufen gespeichert werden. Klicken Sie hierzu einfach auf \u201eSichern als\u2026\u201c. Zuvor k\u00f6nnen in diesem Pop-up auch die Sortierungen angesehen bzw. eingestellt sowie die Filter, Ansicht und Darstellung angepasst werden.<\/p>\n\n\n\n<p>Wenn das Layout ausschlie\u00dflich f\u00fcr Ihre eigene Nutzung vorgesehen ist, k\u00f6nnen Sie die Option \u201ebenutzerspezifisch\u201c aktivieren. Dieses Layout kann dann \u00fcber \u201eLayout ausw\u00e4hlen\u201c immer wieder aufgerufen werden. Soll das Layout ab sofort als Default genutzt werden, kann dies \u00fcber \u201eLayouts verwalten\u201c eingestellt werden.<\/p>\n\n\n<style>.kb-image44014_e474f9-5a .kb-image-has-overlay:after{opacity:0.3;}<\/style>\n<div class=\"wp-block-kadence-image kb-image44014_e474f9-5a\"><figure class=\"aligncenter size-large\"><a href=\"http:\/\/s523026439.online.de\/wp-content\/uploads\/2025\/05\/3_Layouts-speichern-scaled.webp\" class=\"kb-advanced-image-link\"><img decoding=\"async\" src=\"http:\/\/s523026439.online.de\/wp-content\/uploads\/2025\/05\/3_Layouts-speichern-1024x388.webp\" alt=\"\" class=\"kb-img wp-image-44023\"\/><\/a><figcaption>Layouts speichern<\/figcaption><\/figure><\/div>\n\n\n\n<h2 class=\"wp-block-heading\" id=\"h-selektionsvarianten-anlegen\">Selektionsvarianten anlegen<\/h2>\n\n\n\n<p>Selektionsvarianten k\u00f6nnen angelegt werden, wenn gewisse Selektionen immer wieder vorgenommen und die dazugeh\u00f6rigen Felder nicht jedes Mal aufs Neue ausgef\u00fcllt werden sollen. Somit helfen Selektionsvarianten dabei, h\u00e4ufig verwendete Filtereinstellungen zu speichern und schnell wiederzuverwenden. Um eine Selektionsvariante anzulegen, gehen Sie wie folgt vor:<\/p>\n\n\n\n<ol class=\"wp-block-list\">\n<li>Klicken Sie auf den Knoten und tragen Sie die gew\u00fcnschten Selektionskriterien ein (z. B. Lagerplatz, Materialnummer, Handling-Unit-Typ, \u2026)<\/li>\n\n\n\n<li>Klicken Sie auf \u201eVarianten speichern\u201c (Button mit Diskettensymbol oder im Men\u00fcpfad \u00fcber Springen &gt; Varianten &gt; Speichern)<\/li>\n\n\n\n<li>Geben Sie eine aussagekr\u00e4ftige Bezeichnung ein und w\u00e4hlen Sie optional \u201eBenutzerabh\u00e4ngig\u201c, falls die Variante nur f\u00fcr Sie sichtbar sein soll<\/li>\n\n\n\n<li>Speichern Sie die Variante<\/li>\n<\/ol>\n\n\n\n<p>Diese Varianten sind sp\u00e4ter \u00fcber Springen &gt; Varianten &gt; Laden einfach abrufbar.<\/p>\n\n\n<style>.kb-image44014_e50a0a-ed .kb-image-has-overlay:after{opacity:0.3;}<\/style>\n<div class=\"wp-block-kadence-image kb-image44014_e50a0a-ed\"><figure class=\"aligncenter size-full\"><a href=\"http:\/\/s523026439.online.de\/wp-content\/uploads\/2025\/05\/4_Selektionsvariante-erstellen-scaled.webp\" class=\"kb-advanced-image-link\"><img decoding=\"async\" src=\"http:\/\/s523026439.online.de\/wp-content\/uploads\/2025\/05\/4_Selektionsvariante-erstellen-scaled.webp\" alt=\"Selektionsvariante im LVM erstellen\" class=\"kb-img wp-image-44025\"\/><\/a><figcaption>Selektionsvariante erstellen<\/figcaption><\/figure><\/div>\n\n\n\n<h2 class=\"wp-block-heading\" id=\"h-fazit\">Fazit<\/h2>\n\n\n\n<p>Mit diesen Anpassungsm\u00f6glichkeiten k\u00f6nnen Sie den Lagerverwaltungsmonitor bereits grundlegend an Ihre Bed\u00fcrfnisse anpassen, wodurch die \u00dcbersichtlichkeit und damit die Effizienz bei der Arbeit mit dem LVM gesteigert werden.<\/p>\n\n\n\n<p>Doch es gibt noch tiefgreifendere Einstellungen am Monitor \u2013 diese erl\u00e4utern wir in unserem nachfolgenden Beitrag. Dazu geh\u00f6rt z. B., wie eigene Variantenknoten (auch mit dynamischem Datum) eingef\u00fcgt, Benutzerparameter gesetzt und eine eigene Version des Monitors angelegt werden k\u00f6nnen. Zudem verdeutlichen wir, welche Rolle Berechtigungen spielen k\u00f6nnen.<\/p>\n\n\n\n<p>Schauen Sie also wieder in unserem <a href=\"http:\/\/s523026439.online.de\/es\/blog\/\">Blog<\/a> vorbei und bleiben Sie auf dem Laufenden!<\/p>\n\n\n\n<div style=\"height:10px\" aria-hidden=\"true\" class=\"wp-block-spacer\"><\/div>\n\n\n<style>.wp-block-kadence-advancedbtn.kb-btns44014_b8ad08-83{gap:var(--global-kb-gap-xs, 0.5rem );justify-content:flex-start;align-items:center;}.kt-btns44014_b8ad08-83 .kt-button{font-weight:normal;font-style:normal;}.kt-btns44014_b8ad08-83 .kt-btn-wrap-0{margin-right:5px;}.wp-block-kadence-advancedbtn.kt-btns44014_b8ad08-83 .kt-btn-wrap-0 .kt-button{color:#555555;border-color:#555555;}.wp-block-kadence-advancedbtn.kt-btns44014_b8ad08-83 .kt-btn-wrap-0 .kt-button:hover, .wp-block-kadence-advancedbtn.kt-btns44014_b8ad08-83 .kt-btn-wrap-0 .kt-button:focus{color:#ffffff;border-color:#444444;}.wp-block-kadence-advancedbtn.kt-btns44014_b8ad08-83 .kt-btn-wrap-0 .kt-button::before{display:none;}.wp-block-kadence-advancedbtn.kt-btns44014_b8ad08-83 .kt-btn-wrap-0 .kt-button:hover, .wp-block-kadence-advancedbtn.kt-btns44014_b8ad08-83 .kt-btn-wrap-0 .kt-button:focus{background:#444444;}<\/style>\n<div class=\"wp-block-kadence-advancedbtn kb-buttons-wrap kb-btns44014_b8ad08-83\"><style>ul.menu .wp-block-kadence-advancedbtn .kb-btn44014_2ba060-31.kb-button{width:initial;}<\/style><a class=\"kb-button kt-button button kb-btn44014_2ba060-31 kt-btn-size-standard kt-btn-width-type-auto kb-btn-global-inherit  kt-btn-has-text-true kt-btn-has-svg-false  wp-block-button__link wp-block-kadence-singlebtn\" href=\"https:\/\/www.flexus.de\/sap-ewm-beratung\/\"><span class=\"kt-btn-inner-text\">Noch Fragen? Wir unterst\u00fctzen Sie gerne mit unserer SAP EWM Beratung!<\/span><\/a><\/div>\n\n\n\n<div style=\"height:50px\" aria-hidden=\"true\" class=\"wp-block-spacer\"><\/div>","protected":false},"excerpt":{"rendered":"<p>Der Lagerverwaltungsmonitor in SAP EWM ist ein zentrales Tool zur \u00dcberwachung und Steuerung von Lagerprozessen. F\u00fcr eine effiziente Nutzung sind jedoch oft individuelle Anpassungen n\u00f6tig. In diesem Beitrag zeigen wir, wie Sie z. B. Knoten ein- und ausblenden, die selektierten Tabellen anpassen und Layouts abspeichern k\u00f6nnen. <\/p>","protected":false},"author":11,"featured_media":43635,"comment_status":"closed","ping_status":"closed","sticky":false,"template":"","format":"standard","meta":{"_acf_changed":false,"_gspb_post_css":".gspb_text-id-gsbp-32596b9,.gspb_text-id-gsbp-32596b9 .gsap-g-line{text-align:center!important}.gspb_text-id-gsbp-32596b9{margin-top:-5px!important;margin-bottom:-5px!important;background-image:linear-gradient(135deg,#7adcb4 0,#00d082 100%)}.gspb_text-id-gsbp-5131c6d,.gspb_text-id-gsbp-5131c6d .gsap-g-line{text-align:center!important}.gspb_text-id-gsbp-5131c6d{margin-top:-5px!important;margin-bottom:-5px!important;background-image:linear-gradient(135deg,#7adcb4 0,#00d082 100%)}.gspb_text-id-gsbp-eaf7eed,.gspb_text-id-gsbp-eaf7eed .gsap-g-line{text-align:center!important}.gspb_text-id-gsbp-eaf7eed{margin-top:-5px!important;margin-bottom:-5px!important;background-image:linear-gradient(135deg,#7adcb4 0,#00d082 100%)}.gspb_text-id-gsbp-f8324e2,.gspb_text-id-gsbp-f8324e2 .gsap-g-line{text-align:center!important}.gspb_text-id-gsbp-f8324e2{margin-top:-5px!important;margin-bottom:-5px!important;background-image:linear-gradient(135deg,#7adcb4 0,#00d082 100%)}","content-type":"","_kad_blocks_custom_css":"","_kad_blocks_head_custom_js":"","_kad_blocks_body_custom_js":"","_kad_blocks_footer_custom_js":"","_EventAllDay":false,"_EventTimezone":"","_EventStartDate":"","_EventEndDate":"","_EventStartDateUTC":"","_EventEndDateUTC":"","_EventShowMap":false,"_EventShowMapLink":false,"_EventURL":"","_EventCost":"","_EventCostDescription":"","_EventCurrencySymbol":"","_EventCurrencyCode":"","_EventCurrencyPosition":"","_EventDateTimeSeparator":"","_EventTimeRangeSeparator":"","_EventOrganizerID":[],"_EventVenueID":[],"_OrganizerEmail":"","_OrganizerPhone":"","_OrganizerWebsite":"","_VenueAddress":"","_VenueCity":"","_VenueCountry":"","_VenueProvince":"","_VenueState":"","_VenueZip":"","_VenuePhone":"","_VenueURL":"","_VenueStateProvince":"","_VenueLat":"","_VenueLng":"","_VenueShowMap":false,"_VenueShowMapLink":false,"_kad_post_transparent":"","_kad_post_title":"","_kad_post_layout":"default","_kad_post_sidebar_id":"","_kad_post_content_style":"","_kad_post_vertical_padding":"","_kad_post_feature":"default","_kad_post_feature_position":"","_kad_post_header":false,"_kad_post_footer":false,"_kad_post_classname":"","footnotes":""},"categories":[161,38,20],"tags":[43],"class_list":["post-44014","post","type-post","status-publish","format-standard","has-post-thumbnail","hentry","category-beliebt","category-blog","category-sap-ewm","tag-sap-ewm"],"acf":[],"yoast_head":"<!-- This site is optimized with the Yoast SEO plugin v27.3 - https:\/\/yoast.com\/product\/yoast-seo-wordpress\/ -->\n<title>Anpassung des Lagerverwaltungsmonitors im EWM \u2013 Teil 1 | FLEXUS Premium SAP Intralogistics<\/title>\n<meta name=\"robots\" content=\"noindex, follow, max-snippet:-1, max-image-preview:large, max-video-preview:-1\" \/>\n<meta property=\"og:locale\" content=\"es_ES\" \/>\n<meta property=\"og:type\" content=\"article\" \/>\n<meta property=\"og:title\" content=\"Anpassung des Lagerverwaltungsmonitors im EWM \u2013 Teil 1 | FLEXUS Premium SAP Intralogistics\" \/>\n<meta property=\"og:description\" content=\"Der Lagerverwaltungsmonitor in SAP EWM ist ein zentrales Tool zur \u00dcberwachung und Steuerung von Lagerprozessen. F\u00fcr eine effiziente Nutzung sind jedoch oft individuelle Anpassungen n\u00f6tig. In diesem Beitrag zeigen wir, wie Sie z. B. Knoten ein- und ausblenden, die selektierten Tabellen anpassen und Layouts abspeichern k\u00f6nnen.\" \/>\n<meta property=\"og:url\" content=\"http:\/\/s523026439.online.de\/es\/anpassung-des-lagerverwaltungsmonitors-im-ewm-teil-1\/\" \/>\n<meta property=\"og:site_name\" content=\"FLEXUS Premium SAP Intralogistics\" \/>\n<meta property=\"article:published_time\" content=\"2025-06-02T06:03:00+00:00\" \/>\n<meta property=\"og:image\" content=\"http:\/\/s523026439.online.de\/wp-content\/uploads\/2022\/09\/OG-Flexus2.jpg\" \/>\n\t<meta property=\"og:image:width\" content=\"1200\" \/>\n\t<meta property=\"og:image:height\" content=\"630\" \/>\n\t<meta property=\"og:image:type\" content=\"image\/jpeg\" \/>\n<meta name=\"author\" content=\"Flexus Redaktion\" \/>\n<meta name=\"twitter:card\" content=\"summary_large_image\" \/>\n<meta name=\"twitter:label1\" content=\"Escrito por\" \/>\n\t<meta name=\"twitter:data1\" content=\"Flexus Redaktion\" \/>\n\t<meta name=\"twitter:label2\" content=\"Tiempo de lectura\" \/>\n\t<meta name=\"twitter:data2\" content=\"4 minutes\" \/>\n<script type=\"application\/ld+json\" class=\"yoast-schema-graph\">{\"@context\":\"https:\\\/\\\/schema.org\",\"@graph\":[{\"@type\":\"Article\",\"@id\":\"http:\\\/\\\/s523026439.online.de\\\/anpassung-des-lagerverwaltungsmonitors-im-ewm-teil-1\\\/#article\",\"isPartOf\":{\"@id\":\"http:\\\/\\\/s523026439.online.de\\\/anpassung-des-lagerverwaltungsmonitors-im-ewm-teil-1\\\/\"},\"author\":{\"name\":\"Flexus Redaktion\",\"@id\":\"http:\\\/\\\/s523026439.online.de\\\/#\\\/schema\\\/person\\\/8c7d7ef965e2e4e9004edfa931bb1825\"},\"headline\":\"Anpassung des Lagerverwaltungsmonitors im EWM \u2013 Teil 1\",\"datePublished\":\"2025-06-02T06:03:00+00:00\",\"mainEntityOfPage\":{\"@id\":\"http:\\\/\\\/s523026439.online.de\\\/anpassung-des-lagerverwaltungsmonitors-im-ewm-teil-1\\\/\"},\"wordCount\":753,\"publisher\":{\"@id\":\"http:\\\/\\\/s523026439.online.de\\\/#organization\"},\"image\":{\"@id\":\"http:\\\/\\\/s523026439.online.de\\\/anpassung-des-lagerverwaltungsmonitors-im-ewm-teil-1\\\/#primaryimage\"},\"thumbnailUrl\":\"\",\"keywords\":[\"SAP EWM\"],\"articleSection\":[\"Beliebt\",\"Blog\",\"SAP EWM\"],\"inLanguage\":\"es-CO\"},{\"@type\":\"WebPage\",\"@id\":\"http:\\\/\\\/s523026439.online.de\\\/anpassung-des-lagerverwaltungsmonitors-im-ewm-teil-1\\\/\",\"url\":\"http:\\\/\\\/s523026439.online.de\\\/anpassung-des-lagerverwaltungsmonitors-im-ewm-teil-1\\\/\",\"name\":\"Anpassung des Lagerverwaltungsmonitors im EWM \u2013 Teil 1 | FLEXUS Premium SAP Intralogistics\",\"isPartOf\":{\"@id\":\"http:\\\/\\\/s523026439.online.de\\\/#website\"},\"primaryImageOfPage\":{\"@id\":\"http:\\\/\\\/s523026439.online.de\\\/anpassung-des-lagerverwaltungsmonitors-im-ewm-teil-1\\\/#primaryimage\"},\"image\":{\"@id\":\"http:\\\/\\\/s523026439.online.de\\\/anpassung-des-lagerverwaltungsmonitors-im-ewm-teil-1\\\/#primaryimage\"},\"thumbnailUrl\":\"\",\"datePublished\":\"2025-06-02T06:03:00+00:00\",\"inLanguage\":\"es-CO\",\"potentialAction\":[{\"@type\":\"ReadAction\",\"target\":[\"http:\\\/\\\/s523026439.online.de\\\/anpassung-des-lagerverwaltungsmonitors-im-ewm-teil-1\\\/\"]}]},{\"@type\":\"ImageObject\",\"inLanguage\":\"es-CO\",\"@id\":\"http:\\\/\\\/s523026439.online.de\\\/anpassung-des-lagerverwaltungsmonitors-im-ewm-teil-1\\\/#primaryimage\",\"url\":\"\",\"contentUrl\":\"\"},{\"@type\":\"WebSite\",\"@id\":\"http:\\\/\\\/s523026439.online.de\\\/#website\",\"url\":\"http:\\\/\\\/s523026439.online.de\\\/\",\"name\":\"FLEXUS Premium SAP Intralogistics\",\"description\":\"Die SAP EWM Logistik\u00adexperten f\u00fcr Ihre 360\u00b0 EWM L\u00f6sungen in SAP\",\"publisher\":{\"@id\":\"http:\\\/\\\/s523026439.online.de\\\/#organization\"},\"potentialAction\":[{\"@type\":\"SearchAction\",\"target\":{\"@type\":\"EntryPoint\",\"urlTemplate\":\"http:\\\/\\\/s523026439.online.de\\\/?s={search_term_string}\"},\"query-input\":{\"@type\":\"PropertyValueSpecification\",\"valueRequired\":true,\"valueName\":\"search_term_string\"}}],\"inLanguage\":\"es-CO\"},{\"@type\":\"Organization\",\"@id\":\"http:\\\/\\\/s523026439.online.de\\\/#organization\",\"name\":\"Flexus AG\",\"url\":\"http:\\\/\\\/s523026439.online.de\\\/\",\"logo\":{\"@type\":\"ImageObject\",\"inLanguage\":\"es-CO\",\"@id\":\"http:\\\/\\\/s523026439.online.de\\\/#\\\/schema\\\/logo\\\/image\\\/\",\"url\":\"http:\\\/\\\/s523026439.online.de\\\/wp-content\\\/uploads\\\/2022\\\/02\\\/flexus_logo.png\",\"contentUrl\":\"http:\\\/\\\/s523026439.online.de\\\/wp-content\\\/uploads\\\/2022\\\/02\\\/flexus_logo.png\",\"width\":259,\"height\":101,\"caption\":\"Flexus AG\"},\"image\":{\"@id\":\"http:\\\/\\\/s523026439.online.de\\\/#\\\/schema\\\/logo\\\/image\\\/\"}},{\"@type\":\"Person\",\"@id\":\"http:\\\/\\\/s523026439.online.de\\\/#\\\/schema\\\/person\\\/8c7d7ef965e2e4e9004edfa931bb1825\",\"name\":\"Flexus Redaktion\",\"image\":{\"@type\":\"ImageObject\",\"inLanguage\":\"es-CO\",\"@id\":\"https:\\\/\\\/secure.gravatar.com\\\/avatar\\\/d88cd32e826d0eecbc7f07f882d206a71306613a83e801e7f5a96ad5bcc1ed80?s=96&d=retro&r=g\",\"url\":\"https:\\\/\\\/secure.gravatar.com\\\/avatar\\\/d88cd32e826d0eecbc7f07f882d206a71306613a83e801e7f5a96ad5bcc1ed80?s=96&d=retro&r=g\",\"contentUrl\":\"https:\\\/\\\/secure.gravatar.com\\\/avatar\\\/d88cd32e826d0eecbc7f07f882d206a71306613a83e801e7f5a96ad5bcc1ed80?s=96&d=retro&r=g\",\"caption\":\"Flexus Redaktion\"},\"url\":\"http:\\\/\\\/s523026439.online.de\\\/es\\\/author\\\/redaktion\\\/\"}]}<\/script>\n<!-- \/ Yoast SEO plugin. -->","yoast_head_json":{"title":"Anpassung des Lagerverwaltungsmonitors im EWM \u2013 Teil 1 | FLEXUS Premium SAP Intralogistics","robots":{"index":"noindex","follow":"follow","max-snippet":"max-snippet:-1","max-image-preview":"max-image-preview:large","max-video-preview":"max-video-preview:-1"},"og_locale":"es_ES","og_type":"article","og_title":"Anpassung des Lagerverwaltungsmonitors im EWM \u2013 Teil 1 | FLEXUS Premium SAP Intralogistics","og_description":"Der Lagerverwaltungsmonitor in SAP EWM ist ein zentrales Tool zur \u00dcberwachung und Steuerung von Lagerprozessen. F\u00fcr eine effiziente Nutzung sind jedoch oft individuelle Anpassungen n\u00f6tig. In diesem Beitrag zeigen wir, wie Sie z. B. Knoten ein- und ausblenden, die selektierten Tabellen anpassen und Layouts abspeichern k\u00f6nnen.","og_url":"http:\/\/s523026439.online.de\/es\/anpassung-des-lagerverwaltungsmonitors-im-ewm-teil-1\/","og_site_name":"FLEXUS Premium SAP Intralogistics","article_published_time":"2025-06-02T06:03:00+00:00","og_image":[{"width":1200,"height":630,"url":"http:\/\/s523026439.online.de\/wp-content\/uploads\/2022\/09\/OG-Flexus2.jpg","type":"image\/jpeg"}],"author":"Flexus Redaktion","twitter_card":"summary_large_image","twitter_misc":{"Escrito por":"Flexus Redaktion","Tiempo de lectura":"4 minutes"},"schema":{"@context":"https:\/\/schema.org","@graph":[{"@type":"Article","@id":"http:\/\/s523026439.online.de\/anpassung-des-lagerverwaltungsmonitors-im-ewm-teil-1\/#article","isPartOf":{"@id":"http:\/\/s523026439.online.de\/anpassung-des-lagerverwaltungsmonitors-im-ewm-teil-1\/"},"author":{"name":"Flexus Redaktion","@id":"http:\/\/s523026439.online.de\/#\/schema\/person\/8c7d7ef965e2e4e9004edfa931bb1825"},"headline":"Anpassung des Lagerverwaltungsmonitors im EWM \u2013 Teil 1","datePublished":"2025-06-02T06:03:00+00:00","mainEntityOfPage":{"@id":"http:\/\/s523026439.online.de\/anpassung-des-lagerverwaltungsmonitors-im-ewm-teil-1\/"},"wordCount":753,"publisher":{"@id":"http:\/\/s523026439.online.de\/#organization"},"image":{"@id":"http:\/\/s523026439.online.de\/anpassung-des-lagerverwaltungsmonitors-im-ewm-teil-1\/#primaryimage"},"thumbnailUrl":"","keywords":["SAP EWM"],"articleSection":["Beliebt","Blog","SAP EWM"],"inLanguage":"es-CO"},{"@type":"WebPage","@id":"http:\/\/s523026439.online.de\/anpassung-des-lagerverwaltungsmonitors-im-ewm-teil-1\/","url":"http:\/\/s523026439.online.de\/anpassung-des-lagerverwaltungsmonitors-im-ewm-teil-1\/","name":"Anpassung des Lagerverwaltungsmonitors im EWM \u2013 Teil 1 | FLEXUS Premium SAP Intralogistics","isPartOf":{"@id":"http:\/\/s523026439.online.de\/#website"},"primaryImageOfPage":{"@id":"http:\/\/s523026439.online.de\/anpassung-des-lagerverwaltungsmonitors-im-ewm-teil-1\/#primaryimage"},"image":{"@id":"http:\/\/s523026439.online.de\/anpassung-des-lagerverwaltungsmonitors-im-ewm-teil-1\/#primaryimage"},"thumbnailUrl":"","datePublished":"2025-06-02T06:03:00+00:00","inLanguage":"es-CO","potentialAction":[{"@type":"ReadAction","target":["http:\/\/s523026439.online.de\/anpassung-des-lagerverwaltungsmonitors-im-ewm-teil-1\/"]}]},{"@type":"ImageObject","inLanguage":"es-CO","@id":"http:\/\/s523026439.online.de\/anpassung-des-lagerverwaltungsmonitors-im-ewm-teil-1\/#primaryimage","url":"","contentUrl":""},{"@type":"WebSite","@id":"http:\/\/s523026439.online.de\/#website","url":"http:\/\/s523026439.online.de\/","name":"FLEXUS Premium SAP Intralogistics","description":"Die SAP EWM Logistik\u00adexperten f\u00fcr Ihre 360\u00b0 EWM L\u00f6sungen in SAP","publisher":{"@id":"http:\/\/s523026439.online.de\/#organization"},"potentialAction":[{"@type":"SearchAction","target":{"@type":"EntryPoint","urlTemplate":"http:\/\/s523026439.online.de\/?s={search_term_string}"},"query-input":{"@type":"PropertyValueSpecification","valueRequired":true,"valueName":"search_term_string"}}],"inLanguage":"es-CO"},{"@type":"Organization","@id":"http:\/\/s523026439.online.de\/#organization","name":"Flexus AG","url":"http:\/\/s523026439.online.de\/","logo":{"@type":"ImageObject","inLanguage":"es-CO","@id":"http:\/\/s523026439.online.de\/#\/schema\/logo\/image\/","url":"http:\/\/s523026439.online.de\/wp-content\/uploads\/2022\/02\/flexus_logo.png","contentUrl":"http:\/\/s523026439.online.de\/wp-content\/uploads\/2022\/02\/flexus_logo.png","width":259,"height":101,"caption":"Flexus AG"},"image":{"@id":"http:\/\/s523026439.online.de\/#\/schema\/logo\/image\/"}},{"@type":"Person","@id":"http:\/\/s523026439.online.de\/#\/schema\/person\/8c7d7ef965e2e4e9004edfa931bb1825","name":"Flexus Redaktion","image":{"@type":"ImageObject","inLanguage":"es-CO","@id":"https:\/\/secure.gravatar.com\/avatar\/d88cd32e826d0eecbc7f07f882d206a71306613a83e801e7f5a96ad5bcc1ed80?s=96&d=retro&r=g","url":"https:\/\/secure.gravatar.com\/avatar\/d88cd32e826d0eecbc7f07f882d206a71306613a83e801e7f5a96ad5bcc1ed80?s=96&d=retro&r=g","contentUrl":"https:\/\/secure.gravatar.com\/avatar\/d88cd32e826d0eecbc7f07f882d206a71306613a83e801e7f5a96ad5bcc1ed80?s=96&d=retro&r=g","caption":"Flexus Redaktion"},"url":"http:\/\/s523026439.online.de\/es\/author\/redaktion\/"}]}},"taxonomy_info":{"category":[{"value":161,"label":"Beliebt"},{"value":38,"label":"Blog"},{"value":20,"label":"SAP EWM"}],"post_tag":[{"value":43,"label":"SAP EWM"}]},"featured_image_src_large":false,"author_info":{"display_name":"Flexus Redaktion","author_link":"http:\/\/s523026439.online.de\/es\/author\/redaktion\/"},"comment_info":0,"category_info":[{"term_id":161,"name":"Beliebt","slug":"beliebt","term_group":0,"term_taxonomy_id":161,"taxonomy":"category","description":"","parent":0,"count":516,"filter":"raw","cat_ID":161,"category_count":516,"category_description":"","cat_name":"Beliebt","category_nicename":"beliebt","category_parent":0},{"term_id":38,"name":"Blog","slug":"blog","term_group":0,"term_taxonomy_id":38,"taxonomy":"category","description":"","parent":0,"count":223,"filter":"raw","cat_ID":38,"category_count":223,"category_description":"","cat_name":"Blog","category_nicename":"blog","category_parent":0},{"term_id":20,"name":"SAP EWM","slug":"sap-ewm","term_group":0,"term_taxonomy_id":20,"taxonomy":"category","description":"","parent":0,"count":8,"filter":"raw","cat_ID":20,"category_count":8,"category_description":"","cat_name":"SAP EWM","category_nicename":"sap-ewm","category_parent":0}],"tag_info":[{"term_id":43,"name":"SAP EWM","slug":"sap-ewm","term_group":0,"term_taxonomy_id":43,"taxonomy":"post_tag","description":"","parent":0,"count":11,"filter":"raw"}],"_links":{"self":[{"href":"http:\/\/s523026439.online.de\/es\/wp-json\/wp\/v2\/posts\/44014","targetHints":{"allow":["GET"]}}],"collection":[{"href":"http:\/\/s523026439.online.de\/es\/wp-json\/wp\/v2\/posts"}],"about":[{"href":"http:\/\/s523026439.online.de\/es\/wp-json\/wp\/v2\/types\/post"}],"author":[{"embeddable":true,"href":"http:\/\/s523026439.online.de\/es\/wp-json\/wp\/v2\/users\/11"}],"replies":[{"embeddable":true,"href":"http:\/\/s523026439.online.de\/es\/wp-json\/wp\/v2\/comments?post=44014"}],"version-history":[{"count":0,"href":"http:\/\/s523026439.online.de\/es\/wp-json\/wp\/v2\/posts\/44014\/revisions"}],"wp:featuredmedia":[{"embeddable":true,"href":"http:\/\/s523026439.online.de\/es\/wp-json\/"}],"wp:attachment":[{"href":"http:\/\/s523026439.online.de\/es\/wp-json\/wp\/v2\/media?parent=44014"}],"wp:term":[{"taxonomy":"category","embeddable":true,"href":"http:\/\/s523026439.online.de\/es\/wp-json\/wp\/v2\/categories?post=44014"},{"taxonomy":"post_tag","embeddable":true,"href":"http:\/\/s523026439.online.de\/es\/wp-json\/wp\/v2\/tags?post=44014"}],"curies":[{"name":"wp","href":"https:\/\/api.w.org\/{rel}","templated":true}]}}