{"id":44056,"date":"2025-06-10T08:33:00","date_gmt":"2025-06-10T06:33:00","guid":{"rendered":"https:\/\/www.flexus.de\/?p=44056"},"modified":"2025-06-10T08:33:00","modified_gmt":"2025-06-10T06:33:00","slug":"anpassung-des-lagerverwaltungsmonitors-im-ewm-teil-2","status":"publish","type":"post","link":"http:\/\/s523026439.online.de\/es\/anpassung-des-lagerverwaltungsmonitors-im-ewm-teil-2\/","title":{"rendered":"Anpassung des Lagerverwaltungsmonitors im EWM \u2013 Teil 2"},"content":{"rendered":"<div style=\"height:20px\" aria-hidden=\"true\" class=\"wp-block-spacer\"><\/div>\n\n\n\n<p><a href=\"http:\/\/s523026439.online.de\/es\/blog\/anpassung-des-lagerverwaltungsmonitors-im-ewm-teil-1\/\">Im ersten Teil zur Anpassung des Lagerverwaltungsmonitors (LVM)<\/a> mit dem Extended Warehouse Management (<a href=\"http:\/\/s523026439.online.de\/es\/sap-ewm\/\">SAP EWM<\/a>) haben wir bereits grundlegende Einstellungen am Monitor erkl\u00e4rt. Dazu geh\u00f6rten etwa das Ein- und Ausblenden von Knoten, die Anpassung der selektierten Tabellen, das Speichern von Layouts sowie die Anlage von Selektionsvarianten. Damit kann der LVM bereits wesentlich effizienter genutzt und deutlich \u00fcbersichtlicher eingestellt werden.<\/p>\n\n\n\n<p>Das ist jedoch erst der Anfang &#8211; der LVM l\u00e4sst sich noch tiefgr\u00fcndiger anpassen und individualisieren. Es k\u00f6nnen z. B. eigene Variantenknoten (auch mit dynamischem Datum) eingef\u00fcgt, Benutzerparameter gesetzt, eine eigene Version des Monitors angelegt oder auch Berechtigungen angepasst werden. Wie das funktioniert, erfahren Sie im folgenden Beitrag.<\/p>\n\n\n\n<h2 class=\"wp-block-heading\" id=\"h-eigene-knoten-erstellen-anlegen\">Eigene Knoten erstellen\/anlegen<\/h2>\n\n\n\n<p>Um den Lagerverwaltungsmonitor in EWM weiter an spezifische Bed\u00fcrfnisse anzupassen, k\u00f6nnen eigene Knoten erstellt werden. Hierbei k\u00f6nnen z. B. bestehende Knoten kopiert werden, wie im folgenden Beispiel der Knoten zu den Belegen der \u201eLageraufgaben\u201c. In unserem Beispiel muss der Mitarbeiter regelm\u00e4\u00dfig die noch offenen Lageraufgaben aus einem speziellen Lagertyp der letzten 3 Tage nachvollziehen. Hierzu hat er mit diesen Daten (LB offen, Vorbelegung des Lagertyps) bereits eine Selektionsvariante angelegt. Wie das funktioniert, haben wir im Blogbeitrag <a href=\"http:\/\/s523026439.online.de\/es\/blog\/anpassung-des-lagerverwaltungsmonitors-im-ewm-teil-1\/\">\u201eAnpassungen des Lagerverwaltungsmonitors im EWM \u2013 &nbsp;Teil 1\u201c<\/a> erkl\u00e4rt. Um diese nun nicht immer wieder ziehen zu m\u00fcssen, aber den Lageraufgaben-Knoten auch nicht dauerhaft vorbelegt zu haben, legt er einen komplett neuen Knoten \u2013 einen sogenannten Variantenknoten \u2013 &nbsp;an, der die Variante automatisch bei Aufruf zieht. Dies geht folgenderma\u00dfen:<\/p>\n\n\n\n<p>Mit einem Rechtsklick auf den Knoten, der kopiert werden soll, kann die Funktion \u201eVariantenknoten f\u00fcr die aktuelle Ebene anlegen\u201c ausgew\u00e4hlt werden. Nun \u00f6ffnet sich ein Pop-up, in welchem der Text und der Darstellungstext (im LVM angezeigt) eingegeben werden m\u00fcssen. Mit der Option \u201eMit Teilbaum\u201c wird der zugeh\u00f6rige Teilbaum des Ursprungsknotens ebenfalls kopiert und mit angelegt. Wird nur \u201eAusf\u00fchren\u201c gew\u00e4hlt, wird dieser nicht mit \u00fcbernommen. Mit einem Rechtsklick auf den neuen Knoten kann dann \u00fcber \u201eSelektionsvariante zuordnen\u201c die Variante ausgew\u00e4hlt werden. \u00dcber die M\u00f6glichkeit \u201eOhne Selektionsbild anzeigen\u201c wird das Selektionsbild bei Aufruf des Knotens nicht mehr angezeigt \u2013 die Selektion wird direkt ausgef\u00fchrt und die Ergebnisse werden dargestellt.<\/p>\n\n\n<style>.kb-image44056_bd0b4c-45 .kb-image-has-overlay:after{opacity:0.3;}<\/style>\n<div class=\"wp-block-kadence-image kb-image44056_bd0b4c-45\"><figure class=\"aligncenter size-full\"><a href=\"http:\/\/s523026439.online.de\/wp-content\/uploads\/2025\/05\/1_Varianten-knoten-erstellen-scaled.webp\" class=\"kb-advanced-image-link\"><img decoding=\"async\" src=\"http:\/\/s523026439.online.de\/wp-content\/uploads\/2025\/05\/1_Varianten-knoten-erstellen-scaled.webp\" alt=\"LVM anpassen: Varianten knoten erstellen\" class=\"kb-img wp-image-44070\"\/><\/a><figcaption>Variantenknoten erstellen<\/figcaption><\/figure><\/div>\n\n\n\n<h2 class=\"wp-block-heading\" id=\"h-dynamisches-datum-bei-der-variante-nutzen\">Dynamisches Datum bei der Variante nutzen<\/h2>\n\n\n\n<p>Nun wurde ein neuer Variantenknoten erstellt und die Variante mit offenen LBs (Lageraufgaben) und dem Lagertyp hinzugef\u00fcgt. Es bleibt der Wunsch, die Selektion auf die vergangenen 3 Tage zu beschr\u00e4nken. Normalerweise wird hierzu das Datum auf drei Tage in der Vergangenheit gesetzt. W\u00fcrde dies jedoch bereits in der Variante gespeichert werden, w\u00e4re das gew\u00e4hlte Datum festgesetzt, was nicht der Erwartung entspricht. In diesem Fall muss beim Speichern der Variante in die Tabelle darunter geschaut werden \u2013 hier sind die Felder erneut aufgelistet. F\u00fcr unser Beispiel kann f\u00fcr das \u201eErstellungsdatum\u201c in der Spalte \u201eArt der Selektionsvariante\u201c die Auswahl \u201eD \u2013 Dynamische Datumsberechnung\u201c gew\u00e4hlt werden. Danach kann im Feld \u201eName der Variablen\u201c die Option \u201eAktuelles Datum +\/- ??? Arbeitstage\u201c gew\u00e4hlt und die gew\u00fcnschte Zahl im entsprechenden Feld eingetragen werden. Nach dem Speichern zieht die Variante stets das dynamische Datum.&nbsp;Zus\u00e4tzlich k\u00f6nnen Sie viele weitere Selektionen durchf\u00fchren.<\/p>\n\n\n\n<p>In unserem Beispiel kann der Mitarbeiter nun seinen eigenen Knoten aufrufen und bekommt direkt nur die noch offenen LBs aus dem speziellen Lagertyp angezeigt, die vor bis zu drei Tagen in der Vergangenheit angelegt wurden.<\/p>\n\n\n<style>.kb-image44056_b56a2d-93 .kb-image-has-overlay:after{opacity:0.3;}<\/style>\n<div class=\"wp-block-kadence-image kb-image44056_b56a2d-93\"><figure class=\"aligncenter size-full\"><a href=\"http:\/\/s523026439.online.de\/wp-content\/uploads\/2025\/05\/2_Dynamisches-Datum-scaled.webp\" class=\"kb-advanced-image-link\"><img decoding=\"async\" src=\"http:\/\/s523026439.online.de\/wp-content\/uploads\/2025\/05\/2_Dynamisches-Datum-scaled.webp\" alt=\"LVM anpassen: Dynamisches Datum\" class=\"kb-img wp-image-44073\"\/><\/a><figcaption>Dynamisches Datum<\/figcaption><\/figure><\/div>\n\n\n\n<h2 class=\"wp-block-heading\" id=\"h-benutzerparameter-und-monitorvorbelegung\">Benutzerparameter und Monitorvorbelegung<\/h2>\n\n\n\n<p>Benutzerparameter k\u00f6nnen allgemein genutzt werden, um wiederkehrende Eingaben automatisch zu setzen. Das spart Zeit und reduziert Fehler. Im Falle des LVMs sind das z. B. die Lagernummer oder bestimmte Monitorvoreinstellungen, die bei Aufruf des Monitors abgefragt werden. Diese k\u00f6nnen folgenderma\u00dfen gesetzt werden:<\/p>\n\n\n\n<ol class=\"wp-block-list\">\n<li>\u00d6ffnen Sie die Transaktion SU3 oder SU01 f\u00fcr Benutzereinstellungen<\/li>\n\n\n\n<li>Navigieren Sie zum Reiter \u201eParameter\u201c<\/li>\n\n\n\n<li>F\u00fcgen Sie relevante Parameter hinzu, beispielsweise \/SCWM\/LGNUM f\u00fcr die Lagernummer und \/SCWM\/MON f\u00fcr eine vordefinierte Monitoransicht (meist \u201eSAP\u201c)<\/li>\n\n\n\n<li>Nach dem Speichern werden die Felder im Default immer wie eingetragen gesetzt<\/li>\n<\/ol>\n\n\n<style>.kb-image44056_400636-8e .kb-image-has-overlay:after{opacity:0.3;}<\/style>\n<div class=\"wp-block-kadence-image kb-image44056_400636-8e\"><figure class=\"aligncenter size-full\"><a href=\"http:\/\/s523026439.online.de\/wp-content\/uploads\/2025\/05\/3_Benutzerparameter-pflegen.webp\" class=\"kb-advanced-image-link\"><img decoding=\"async\" src=\"http:\/\/s523026439.online.de\/wp-content\/uploads\/2025\/05\/3_Benutzerparameter-pflegen.webp\" alt=\"LVM anpassen: Benutzerparameter pflegen\" class=\"kb-img wp-image-44077\"\/><\/a><figcaption>Benutzerparamenter pflegen<\/figcaption><\/figure><\/div>\n\n\n\n<h2 class=\"wp-block-heading\" id=\"h-eigene-version-des-monitors-anlegen\">Eigene Version des Monitors anlegen<\/h2>\n\n\n\n<p>Zuletzt m\u00f6chten wir Ihnen zeigen, wie Sie einen eigenen Monitor anlegen bzw. eine eigene Variante des Monitors erstellen k\u00f6nnen. Normalerweise wird der \u201eSAP\u201c-Monitor verwendet, es kann jedoch auch ein eigener angepasst und genutzt werden. Gehen Sie hierzu beim Einstieg bzw. \u00fcber die Vorschlagswerte auf die Wertehilfe bei \u201eMonitor\u201c. Im daraufhin erscheinenden Pop-up k\u00f6nnen Sie einen neuen Monitor anlegen. Dieser kann dann \u00fcber die bisher erl\u00e4uterten Einstellungen individuell angepasst und ab sofort aufgerufen werden. So erhalten Sie eine benutzerdefinierte Version des Monitors mit speziell auf Ihre Bed\u00fcrfnisse zugeschnittenen Knoten und Hierarchien.<\/p>\n\n\n<style>.kb-image44056_62417f-f9 .kb-image-has-overlay:after{opacity:0.3;}<\/style>\n<div class=\"wp-block-kadence-image kb-image44056_62417f-f9\"><figure class=\"aligncenter size-full\"><a href=\"http:\/\/s523026439.online.de\/wp-content\/uploads\/2025\/05\/4_Monitor-anlegen.webp\" class=\"kb-advanced-image-link\"><img decoding=\"async\" src=\"http:\/\/s523026439.online.de\/wp-content\/uploads\/2025\/05\/4_Monitor-anlegen.webp\" alt=\"LVM anpassen: Monitor anlegen\" class=\"kb-img wp-image-44080\"\/><\/a><figcaption>Monitor anlegen<\/figcaption><\/figure><\/div>\n\n\n\n<h2 class=\"wp-block-heading\" id=\"h-benutzerrollen-und-berechtigungen-anpassen\">Benutzerrollen und Berechtigungen anpassen<\/h2>\n\n\n\n<p>Wie in jeder anderen Transaktion greifen auch die Benutzerrollen und Berechtigungen im Lagerveraltungsmonitor. Je nach Benutzerkreis k\u00f6nnen unterschiedliche Berechtigungen f\u00fcr den LVM erforderlich sein. Dies kann folgenderma\u00dfen eingestellt werden:<\/p>\n\n\n\n<ol class=\"wp-block-list\">\n<li>\u00d6ffnen Sie die Transaktion PFCG zur Verwaltung von Rollen<\/li>\n\n\n\n<li>W\u00e4hlen Sie eine bestehende Rolle oder erstellen Sie eine neue<\/li>\n\n\n\n<li>F\u00fcgen Sie spezifische Berechtigungsobjekte f\u00fcr den Zugriff auf bestimmte Monitorknoten hinzu<\/li>\n\n\n\n<li>Weisen Sie die Rolle den relevanten Benutzern zu<\/li>\n<\/ol>\n\n\n\n<p>Durch gezielte Berechtigungssteuerung kann sichergestellt werden, dass jeder Benutzer nur die f\u00fcr ihn relevanten Informationen sieht. Da hier die Einstellungen sehr umfangreich und komplex sind, gehen wir im Rahmen dieses Blogbeitrags nicht tiefer auf die Thematik ein. <a href=\"http:\/\/s523026439.online.de\/es\/kontakt\/#Kontaktformular-allgemein\">Bei Fragen stehen wir Ihnen gerne zur Verf\u00fcgung!<\/a><\/p>\n\n\n\n<h2 class=\"wp-block-heading\" id=\"h-fazit\">Fazit<\/h2>\n\n\n\n<p>Mit diesen Anpassungsm\u00f6glichkeiten k\u00f6nnen Sie den Lagerverwaltungsmonitor optimal an Ihre Bed\u00fcrfnisse anpassen. Durch die Erstellung einer eigenen Monitorstruktur, die Nutzung von Selektionsvarianten oder die Anpassung der Tabellenansicht l\u00e4sst sich die Effizienz der Lager\u00fcberwachung und -steuerung erheblich steigern. Nutzen auch Sie diese M\u00f6glichkeiten, um Ihre Prozesse transparenter und effizienter zu gestalten!<\/p>\n\n\n\n<p>F\u00fcr weitere Tipps dieser Art schauen Sie in unserem <a href=\"http:\/\/s523026439.online.de\/es\/blog\/sap-ewm-blog\/\">EWM-Blog<\/a> vorbei. Hier posten wir alles rund ums EWM \u2013 von kurzen Neuerungen \u00fcber Tipps &amp; Tricks bis zu ausf\u00fchrlichen Fachbeitr\u00e4gen.<\/p>\n\n\n\n<p>Und falls Sie noch weitere Fragen zur Anpassung des Lagerverwaltungsmonitors haben, <a href=\"http:\/\/s523026439.online.de\/es\/kontakt\/#Kontaktformular-allgemein\">kontaktieren Sie uns <\/a> \u2013 Unsere Berater helfen Ihnen gerne weiter!<\/p>\n\n\n\n<div style=\"height:10px\" aria-hidden=\"true\" class=\"wp-block-spacer\"><\/div>\n\n\n<style>.wp-block-kadence-advancedbtn.kb-btns44056_bdb41d-b9{gap:var(--global-kb-gap-xs, 0.5rem );justify-content:flex-start;align-items:center;}.kt-btns44056_bdb41d-b9 .kt-button{font-weight:normal;font-style:normal;}.kt-btns44056_bdb41d-b9 .kt-btn-wrap-0{margin-right:5px;}.wp-block-kadence-advancedbtn.kt-btns44056_bdb41d-b9 .kt-btn-wrap-0 .kt-button{color:#555555;border-color:#555555;}.wp-block-kadence-advancedbtn.kt-btns44056_bdb41d-b9 .kt-btn-wrap-0 .kt-button:hover, .wp-block-kadence-advancedbtn.kt-btns44056_bdb41d-b9 .kt-btn-wrap-0 .kt-button:focus{color:#ffffff;border-color:#444444;}.wp-block-kadence-advancedbtn.kt-btns44056_bdb41d-b9 .kt-btn-wrap-0 .kt-button::before{display:none;}.wp-block-kadence-advancedbtn.kt-btns44056_bdb41d-b9 .kt-btn-wrap-0 .kt-button:hover, .wp-block-kadence-advancedbtn.kt-btns44056_bdb41d-b9 .kt-btn-wrap-0 .kt-button:focus{background:#444444;}<\/style>\n<div class=\"wp-block-kadence-advancedbtn kb-buttons-wrap kb-btns44056_bdb41d-b9\"><style>ul.menu .wp-block-kadence-advancedbtn .kb-btn44056_c7fbee-06.kb-button{width:initial;}<\/style><a class=\"kb-button kt-button button kb-btn44056_c7fbee-06 kt-btn-size-standard kt-btn-width-type-auto kb-btn-global-inherit  kt-btn-has-text-true kt-btn-has-svg-false  wp-block-button__link wp-block-kadence-singlebtn\" href=\"https:\/\/www.flexus.de\/sap-ewm-beratung\/\"><span class=\"kt-btn-inner-text\">Sie suchen eine ma\u00dfgeschneiderte L\u00f6sung f\u00fcr Ihre Intralogistik? Wir beraten Sie gerne!<\/span><\/a><\/div>\n\n\n\n<div style=\"height:50px\" aria-hidden=\"true\" class=\"wp-block-spacer\"><\/div>","protected":false},"excerpt":{"rendered":"<p>Sie m\u00f6chten den Lagerverwaltungsmonitor (LVM) im EWM optimal auf Ihre Bed\u00fcrfnisse zuschneiden? In Teil 1 haben wir bereits grundlegende Einstellungen am Monitor erkl\u00e4rt. In Teil 2 zeigen wir Ihnen, wie Sie z.\u202fB. eigene Variantenknoten (auch mit dynamischem Datum) einf\u00fcgen, Benutzerparameter setzen, eine individuelle Monitorversion anlegen oder Berechtigungen anpassen.<\/p>","protected":false},"author":11,"featured_media":43635,"comment_status":"closed","ping_status":"closed","sticky":false,"template":"","format":"standard","meta":{"_acf_changed":false,"_gspb_post_css":".gspb_text-id-gsbp-32596b9,.gspb_text-id-gsbp-32596b9 .gsap-g-line{text-align:center!important}.gspb_text-id-gsbp-32596b9{margin-top:-5px!important;margin-bottom:-5px!important;background-image:linear-gradient(135deg,#7adcb4 0,#00d082 100%)}.gspb_text-id-gsbp-5131c6d,.gspb_text-id-gsbp-5131c6d .gsap-g-line{text-align:center!important}.gspb_text-id-gsbp-5131c6d{margin-top:-5px!important;margin-bottom:-5px!important;background-image:linear-gradient(135deg,#7adcb4 0,#00d082 100%)}.gspb_text-id-gsbp-eaf7eed,.gspb_text-id-gsbp-eaf7eed .gsap-g-line{text-align:center!important}.gspb_text-id-gsbp-eaf7eed{margin-top:-5px!important;margin-bottom:-5px!important;background-image:linear-gradient(135deg,#7adcb4 0,#00d082 100%)}.gspb_text-id-gsbp-f8324e2,.gspb_text-id-gsbp-f8324e2 .gsap-g-line{text-align:center!important}.gspb_text-id-gsbp-f8324e2{margin-top:-5px!important;margin-bottom:-5px!important;background-image:linear-gradient(135deg,#7adcb4 0,#00d082 100%)}","content-type":"","_kad_blocks_custom_css":"","_kad_blocks_head_custom_js":"","_kad_blocks_body_custom_js":"","_kad_blocks_footer_custom_js":"","_EventAllDay":false,"_EventTimezone":"","_EventStartDate":"","_EventEndDate":"","_EventStartDateUTC":"","_EventEndDateUTC":"","_EventShowMap":false,"_EventShowMapLink":false,"_EventURL":"","_EventCost":"","_EventCostDescription":"","_EventCurrencySymbol":"","_EventCurrencyCode":"","_EventCurrencyPosition":"","_EventDateTimeSeparator":"","_EventTimeRangeSeparator":"","_EventOrganizerID":[],"_EventVenueID":[],"_OrganizerEmail":"","_OrganizerPhone":"","_OrganizerWebsite":"","_VenueAddress":"","_VenueCity":"","_VenueCountry":"","_VenueProvince":"","_VenueState":"","_VenueZip":"","_VenuePhone":"","_VenueURL":"","_VenueStateProvince":"","_VenueLat":"","_VenueLng":"","_VenueShowMap":false,"_VenueShowMapLink":false,"_kad_post_transparent":"","_kad_post_title":"","_kad_post_layout":"default","_kad_post_sidebar_id":"","_kad_post_content_style":"","_kad_post_vertical_padding":"","_kad_post_feature":"default","_kad_post_feature_position":"","_kad_post_header":false,"_kad_post_footer":false,"_kad_post_classname":"","footnotes":""},"categories":[161,38,20],"tags":[43],"class_list":["post-44056","post","type-post","status-publish","format-standard","has-post-thumbnail","hentry","category-beliebt","category-blog","category-sap-ewm","tag-sap-ewm"],"acf":[],"yoast_head":"<!-- This site is optimized with the Yoast SEO plugin v27.3 - https:\/\/yoast.com\/product\/yoast-seo-wordpress\/ -->\n<title>Anpassung des Lagerverwaltungsmonitors im EWM \u2013 Teil 2 | FLEXUS Premium SAP Intralogistics<\/title>\n<meta name=\"robots\" content=\"noindex, follow, max-snippet:-1, max-image-preview:large, max-video-preview:-1\" \/>\n<meta property=\"og:locale\" content=\"es_ES\" \/>\n<meta property=\"og:type\" content=\"article\" \/>\n<meta property=\"og:title\" content=\"Anpassung des Lagerverwaltungsmonitors im EWM \u2013 Teil 2 | FLEXUS Premium SAP Intralogistics\" \/>\n<meta property=\"og:description\" content=\"Sie m\u00f6chten den Lagerverwaltungsmonitor (LVM) im EWM optimal auf Ihre Bed\u00fcrfnisse zuschneiden? In Teil 1 haben wir bereits grundlegende Einstellungen am Monitor erkl\u00e4rt. In Teil 2 zeigen wir Ihnen, wie Sie z.\u202fB. eigene Variantenknoten (auch mit dynamischem Datum) einf\u00fcgen, Benutzerparameter setzen, eine individuelle Monitorversion anlegen oder Berechtigungen anpassen.\" \/>\n<meta property=\"og:url\" content=\"http:\/\/s523026439.online.de\/es\/anpassung-des-lagerverwaltungsmonitors-im-ewm-teil-2\/\" \/>\n<meta property=\"og:site_name\" content=\"FLEXUS Premium SAP Intralogistics\" \/>\n<meta property=\"article:published_time\" content=\"2025-06-10T06:33:00+00:00\" \/>\n<meta property=\"og:image\" content=\"http:\/\/s523026439.online.de\/wp-content\/uploads\/2022\/09\/OG-Flexus2.jpg\" \/>\n\t<meta property=\"og:image:width\" content=\"1200\" \/>\n\t<meta property=\"og:image:height\" content=\"630\" \/>\n\t<meta property=\"og:image:type\" content=\"image\/jpeg\" \/>\n<meta name=\"author\" content=\"Flexus Redaktion\" \/>\n<meta name=\"twitter:card\" content=\"summary_large_image\" \/>\n<meta name=\"twitter:label1\" content=\"Escrito por\" \/>\n\t<meta name=\"twitter:data1\" content=\"Flexus Redaktion\" \/>\n\t<meta name=\"twitter:label2\" content=\"Tiempo de lectura\" \/>\n\t<meta name=\"twitter:data2\" content=\"5 minutes\" \/>\n<script type=\"application\/ld+json\" class=\"yoast-schema-graph\">{\"@context\":\"https:\\\/\\\/schema.org\",\"@graph\":[{\"@type\":\"Article\",\"@id\":\"http:\\\/\\\/s523026439.online.de\\\/anpassung-des-lagerverwaltungsmonitors-im-ewm-teil-2\\\/#article\",\"isPartOf\":{\"@id\":\"http:\\\/\\\/s523026439.online.de\\\/anpassung-des-lagerverwaltungsmonitors-im-ewm-teil-2\\\/\"},\"author\":{\"name\":\"Flexus Redaktion\",\"@id\":\"http:\\\/\\\/s523026439.online.de\\\/#\\\/schema\\\/person\\\/8c7d7ef965e2e4e9004edfa931bb1825\"},\"headline\":\"Anpassung des Lagerverwaltungsmonitors im EWM \u2013 Teil 2\",\"datePublished\":\"2025-06-10T06:33:00+00:00\",\"mainEntityOfPage\":{\"@id\":\"http:\\\/\\\/s523026439.online.de\\\/anpassung-des-lagerverwaltungsmonitors-im-ewm-teil-2\\\/\"},\"wordCount\":1002,\"publisher\":{\"@id\":\"http:\\\/\\\/s523026439.online.de\\\/#organization\"},\"image\":{\"@id\":\"http:\\\/\\\/s523026439.online.de\\\/anpassung-des-lagerverwaltungsmonitors-im-ewm-teil-2\\\/#primaryimage\"},\"thumbnailUrl\":\"\",\"keywords\":[\"SAP EWM\"],\"articleSection\":[\"Beliebt\",\"Blog\",\"SAP EWM\"],\"inLanguage\":\"es-CO\"},{\"@type\":\"WebPage\",\"@id\":\"http:\\\/\\\/s523026439.online.de\\\/anpassung-des-lagerverwaltungsmonitors-im-ewm-teil-2\\\/\",\"url\":\"http:\\\/\\\/s523026439.online.de\\\/anpassung-des-lagerverwaltungsmonitors-im-ewm-teil-2\\\/\",\"name\":\"Anpassung des Lagerverwaltungsmonitors im EWM \u2013 Teil 2 | FLEXUS Premium SAP Intralogistics\",\"isPartOf\":{\"@id\":\"http:\\\/\\\/s523026439.online.de\\\/#website\"},\"primaryImageOfPage\":{\"@id\":\"http:\\\/\\\/s523026439.online.de\\\/anpassung-des-lagerverwaltungsmonitors-im-ewm-teil-2\\\/#primaryimage\"},\"image\":{\"@id\":\"http:\\\/\\\/s523026439.online.de\\\/anpassung-des-lagerverwaltungsmonitors-im-ewm-teil-2\\\/#primaryimage\"},\"thumbnailUrl\":\"\",\"datePublished\":\"2025-06-10T06:33:00+00:00\",\"inLanguage\":\"es-CO\",\"potentialAction\":[{\"@type\":\"ReadAction\",\"target\":[\"http:\\\/\\\/s523026439.online.de\\\/anpassung-des-lagerverwaltungsmonitors-im-ewm-teil-2\\\/\"]}]},{\"@type\":\"ImageObject\",\"inLanguage\":\"es-CO\",\"@id\":\"http:\\\/\\\/s523026439.online.de\\\/anpassung-des-lagerverwaltungsmonitors-im-ewm-teil-2\\\/#primaryimage\",\"url\":\"\",\"contentUrl\":\"\"},{\"@type\":\"WebSite\",\"@id\":\"http:\\\/\\\/s523026439.online.de\\\/#website\",\"url\":\"http:\\\/\\\/s523026439.online.de\\\/\",\"name\":\"FLEXUS Premium SAP Intralogistics\",\"description\":\"Die SAP EWM Logistik\u00adexperten f\u00fcr Ihre 360\u00b0 EWM L\u00f6sungen in SAP\",\"publisher\":{\"@id\":\"http:\\\/\\\/s523026439.online.de\\\/#organization\"},\"potentialAction\":[{\"@type\":\"SearchAction\",\"target\":{\"@type\":\"EntryPoint\",\"urlTemplate\":\"http:\\\/\\\/s523026439.online.de\\\/?s={search_term_string}\"},\"query-input\":{\"@type\":\"PropertyValueSpecification\",\"valueRequired\":true,\"valueName\":\"search_term_string\"}}],\"inLanguage\":\"es-CO\"},{\"@type\":\"Organization\",\"@id\":\"http:\\\/\\\/s523026439.online.de\\\/#organization\",\"name\":\"Flexus AG\",\"url\":\"http:\\\/\\\/s523026439.online.de\\\/\",\"logo\":{\"@type\":\"ImageObject\",\"inLanguage\":\"es-CO\",\"@id\":\"http:\\\/\\\/s523026439.online.de\\\/#\\\/schema\\\/logo\\\/image\\\/\",\"url\":\"http:\\\/\\\/s523026439.online.de\\\/wp-content\\\/uploads\\\/2022\\\/02\\\/flexus_logo.png\",\"contentUrl\":\"http:\\\/\\\/s523026439.online.de\\\/wp-content\\\/uploads\\\/2022\\\/02\\\/flexus_logo.png\",\"width\":259,\"height\":101,\"caption\":\"Flexus AG\"},\"image\":{\"@id\":\"http:\\\/\\\/s523026439.online.de\\\/#\\\/schema\\\/logo\\\/image\\\/\"}},{\"@type\":\"Person\",\"@id\":\"http:\\\/\\\/s523026439.online.de\\\/#\\\/schema\\\/person\\\/8c7d7ef965e2e4e9004edfa931bb1825\",\"name\":\"Flexus Redaktion\",\"image\":{\"@type\":\"ImageObject\",\"inLanguage\":\"es-CO\",\"@id\":\"https:\\\/\\\/secure.gravatar.com\\\/avatar\\\/d88cd32e826d0eecbc7f07f882d206a71306613a83e801e7f5a96ad5bcc1ed80?s=96&d=retro&r=g\",\"url\":\"https:\\\/\\\/secure.gravatar.com\\\/avatar\\\/d88cd32e826d0eecbc7f07f882d206a71306613a83e801e7f5a96ad5bcc1ed80?s=96&d=retro&r=g\",\"contentUrl\":\"https:\\\/\\\/secure.gravatar.com\\\/avatar\\\/d88cd32e826d0eecbc7f07f882d206a71306613a83e801e7f5a96ad5bcc1ed80?s=96&d=retro&r=g\",\"caption\":\"Flexus Redaktion\"},\"url\":\"http:\\\/\\\/s523026439.online.de\\\/es\\\/author\\\/redaktion\\\/\"}]}<\/script>\n<!-- \/ Yoast SEO plugin. -->","yoast_head_json":{"title":"Anpassung des Lagerverwaltungsmonitors im EWM \u2013 Teil 2 | FLEXUS Premium SAP Intralogistics","robots":{"index":"noindex","follow":"follow","max-snippet":"max-snippet:-1","max-image-preview":"max-image-preview:large","max-video-preview":"max-video-preview:-1"},"og_locale":"es_ES","og_type":"article","og_title":"Anpassung des Lagerverwaltungsmonitors im EWM \u2013 Teil 2 | FLEXUS Premium SAP Intralogistics","og_description":"Sie m\u00f6chten den Lagerverwaltungsmonitor (LVM) im EWM optimal auf Ihre Bed\u00fcrfnisse zuschneiden? In Teil 1 haben wir bereits grundlegende Einstellungen am Monitor erkl\u00e4rt. In Teil 2 zeigen wir Ihnen, wie Sie z.\u202fB. eigene Variantenknoten (auch mit dynamischem Datum) einf\u00fcgen, Benutzerparameter setzen, eine individuelle Monitorversion anlegen oder Berechtigungen anpassen.","og_url":"http:\/\/s523026439.online.de\/es\/anpassung-des-lagerverwaltungsmonitors-im-ewm-teil-2\/","og_site_name":"FLEXUS Premium SAP Intralogistics","article_published_time":"2025-06-10T06:33:00+00:00","og_image":[{"width":1200,"height":630,"url":"http:\/\/s523026439.online.de\/wp-content\/uploads\/2022\/09\/OG-Flexus2.jpg","type":"image\/jpeg"}],"author":"Flexus Redaktion","twitter_card":"summary_large_image","twitter_misc":{"Escrito por":"Flexus Redaktion","Tiempo de lectura":"5 minutes"},"schema":{"@context":"https:\/\/schema.org","@graph":[{"@type":"Article","@id":"http:\/\/s523026439.online.de\/anpassung-des-lagerverwaltungsmonitors-im-ewm-teil-2\/#article","isPartOf":{"@id":"http:\/\/s523026439.online.de\/anpassung-des-lagerverwaltungsmonitors-im-ewm-teil-2\/"},"author":{"name":"Flexus Redaktion","@id":"http:\/\/s523026439.online.de\/#\/schema\/person\/8c7d7ef965e2e4e9004edfa931bb1825"},"headline":"Anpassung des Lagerverwaltungsmonitors im EWM \u2013 Teil 2","datePublished":"2025-06-10T06:33:00+00:00","mainEntityOfPage":{"@id":"http:\/\/s523026439.online.de\/anpassung-des-lagerverwaltungsmonitors-im-ewm-teil-2\/"},"wordCount":1002,"publisher":{"@id":"http:\/\/s523026439.online.de\/#organization"},"image":{"@id":"http:\/\/s523026439.online.de\/anpassung-des-lagerverwaltungsmonitors-im-ewm-teil-2\/#primaryimage"},"thumbnailUrl":"","keywords":["SAP EWM"],"articleSection":["Beliebt","Blog","SAP EWM"],"inLanguage":"es-CO"},{"@type":"WebPage","@id":"http:\/\/s523026439.online.de\/anpassung-des-lagerverwaltungsmonitors-im-ewm-teil-2\/","url":"http:\/\/s523026439.online.de\/anpassung-des-lagerverwaltungsmonitors-im-ewm-teil-2\/","name":"Anpassung des Lagerverwaltungsmonitors im EWM \u2013 Teil 2 | FLEXUS Premium SAP Intralogistics","isPartOf":{"@id":"http:\/\/s523026439.online.de\/#website"},"primaryImageOfPage":{"@id":"http:\/\/s523026439.online.de\/anpassung-des-lagerverwaltungsmonitors-im-ewm-teil-2\/#primaryimage"},"image":{"@id":"http:\/\/s523026439.online.de\/anpassung-des-lagerverwaltungsmonitors-im-ewm-teil-2\/#primaryimage"},"thumbnailUrl":"","datePublished":"2025-06-10T06:33:00+00:00","inLanguage":"es-CO","potentialAction":[{"@type":"ReadAction","target":["http:\/\/s523026439.online.de\/anpassung-des-lagerverwaltungsmonitors-im-ewm-teil-2\/"]}]},{"@type":"ImageObject","inLanguage":"es-CO","@id":"http:\/\/s523026439.online.de\/anpassung-des-lagerverwaltungsmonitors-im-ewm-teil-2\/#primaryimage","url":"","contentUrl":""},{"@type":"WebSite","@id":"http:\/\/s523026439.online.de\/#website","url":"http:\/\/s523026439.online.de\/","name":"FLEXUS Premium SAP Intralogistics","description":"Die SAP EWM Logistik\u00adexperten f\u00fcr Ihre 360\u00b0 EWM L\u00f6sungen in SAP","publisher":{"@id":"http:\/\/s523026439.online.de\/#organization"},"potentialAction":[{"@type":"SearchAction","target":{"@type":"EntryPoint","urlTemplate":"http:\/\/s523026439.online.de\/?s={search_term_string}"},"query-input":{"@type":"PropertyValueSpecification","valueRequired":true,"valueName":"search_term_string"}}],"inLanguage":"es-CO"},{"@type":"Organization","@id":"http:\/\/s523026439.online.de\/#organization","name":"Flexus AG","url":"http:\/\/s523026439.online.de\/","logo":{"@type":"ImageObject","inLanguage":"es-CO","@id":"http:\/\/s523026439.online.de\/#\/schema\/logo\/image\/","url":"http:\/\/s523026439.online.de\/wp-content\/uploads\/2022\/02\/flexus_logo.png","contentUrl":"http:\/\/s523026439.online.de\/wp-content\/uploads\/2022\/02\/flexus_logo.png","width":259,"height":101,"caption":"Flexus AG"},"image":{"@id":"http:\/\/s523026439.online.de\/#\/schema\/logo\/image\/"}},{"@type":"Person","@id":"http:\/\/s523026439.online.de\/#\/schema\/person\/8c7d7ef965e2e4e9004edfa931bb1825","name":"Flexus Redaktion","image":{"@type":"ImageObject","inLanguage":"es-CO","@id":"https:\/\/secure.gravatar.com\/avatar\/d88cd32e826d0eecbc7f07f882d206a71306613a83e801e7f5a96ad5bcc1ed80?s=96&d=retro&r=g","url":"https:\/\/secure.gravatar.com\/avatar\/d88cd32e826d0eecbc7f07f882d206a71306613a83e801e7f5a96ad5bcc1ed80?s=96&d=retro&r=g","contentUrl":"https:\/\/secure.gravatar.com\/avatar\/d88cd32e826d0eecbc7f07f882d206a71306613a83e801e7f5a96ad5bcc1ed80?s=96&d=retro&r=g","caption":"Flexus Redaktion"},"url":"http:\/\/s523026439.online.de\/es\/author\/redaktion\/"}]}},"taxonomy_info":{"category":[{"value":161,"label":"Beliebt"},{"value":38,"label":"Blog"},{"value":20,"label":"SAP EWM"}],"post_tag":[{"value":43,"label":"SAP EWM"}]},"featured_image_src_large":false,"author_info":{"display_name":"Flexus Redaktion","author_link":"http:\/\/s523026439.online.de\/es\/author\/redaktion\/"},"comment_info":0,"category_info":[{"term_id":161,"name":"Beliebt","slug":"beliebt","term_group":0,"term_taxonomy_id":161,"taxonomy":"category","description":"","parent":0,"count":509,"filter":"raw","cat_ID":161,"category_count":509,"category_description":"","cat_name":"Beliebt","category_nicename":"beliebt","category_parent":0},{"term_id":38,"name":"Blog","slug":"blog","term_group":0,"term_taxonomy_id":38,"taxonomy":"category","description":"","parent":0,"count":223,"filter":"raw","cat_ID":38,"category_count":223,"category_description":"","cat_name":"Blog","category_nicename":"blog","category_parent":0},{"term_id":20,"name":"SAP EWM","slug":"sap-ewm","term_group":0,"term_taxonomy_id":20,"taxonomy":"category","description":"","parent":0,"count":8,"filter":"raw","cat_ID":20,"category_count":8,"category_description":"","cat_name":"SAP EWM","category_nicename":"sap-ewm","category_parent":0}],"tag_info":[{"term_id":43,"name":"SAP EWM","slug":"sap-ewm","term_group":0,"term_taxonomy_id":43,"taxonomy":"post_tag","description":"","parent":0,"count":11,"filter":"raw"}],"_links":{"self":[{"href":"http:\/\/s523026439.online.de\/es\/wp-json\/wp\/v2\/posts\/44056","targetHints":{"allow":["GET"]}}],"collection":[{"href":"http:\/\/s523026439.online.de\/es\/wp-json\/wp\/v2\/posts"}],"about":[{"href":"http:\/\/s523026439.online.de\/es\/wp-json\/wp\/v2\/types\/post"}],"author":[{"embeddable":true,"href":"http:\/\/s523026439.online.de\/es\/wp-json\/wp\/v2\/users\/11"}],"replies":[{"embeddable":true,"href":"http:\/\/s523026439.online.de\/es\/wp-json\/wp\/v2\/comments?post=44056"}],"version-history":[{"count":0,"href":"http:\/\/s523026439.online.de\/es\/wp-json\/wp\/v2\/posts\/44056\/revisions"}],"wp:featuredmedia":[{"embeddable":true,"href":"http:\/\/s523026439.online.de\/es\/wp-json\/"}],"wp:attachment":[{"href":"http:\/\/s523026439.online.de\/es\/wp-json\/wp\/v2\/media?parent=44056"}],"wp:term":[{"taxonomy":"category","embeddable":true,"href":"http:\/\/s523026439.online.de\/es\/wp-json\/wp\/v2\/categories?post=44056"},{"taxonomy":"post_tag","embeddable":true,"href":"http:\/\/s523026439.online.de\/es\/wp-json\/wp\/v2\/tags?post=44056"}],"curies":[{"name":"wp","href":"https:\/\/api.w.org\/{rel}","templated":true}]}}